{"id":1154,"date":"2021-04-15T12:00:43","date_gmt":"2021-04-15T12:00:43","guid":{"rendered":"https:\/\/pravoljudski.org\/?p=1154"},"modified":"2021-05-06T15:45:49","modified_gmt":"2021-05-06T15:45:49","slug":"poziv-za-prijave-skola-kreativnog-dokumentarnog-filma-kvv-9","status":"publish","type":"post","link":"https:\/\/pravoljudski.org\/bs\/poziv-za-prijave-skola-kreativnog-dokumentarnog-filma-kvv-9\/","title":{"rendered":"Poziv za prijave: \u0160kola kreativnog dokumentarnog filma KVV #9"},"content":{"rendered":"<h3><span style=\"color: #ffc600;\">TEMA KVV#9<\/span><\/h3>\n<p style=\"text-align: center;\">Radije bih bila kiborg nego boginja.<\/p>\n<p>1991. godine, Donna Haraway portretirala je kiborga kao \u201cbi\u0107e dru\u0161tvene stvarnosti ujedno i bi\u0107e fikcije\u201d, koriste\u0107i prikaz kiborga kao reprezentaciju za politi\u010dku, aktivnu i interaktivnu \u017eenu, me\u0111usobno povezanu i ujedinjenu sa \u017eenama i svim marginaliziranim grupama \u0161irom svijeta putem Interneta.<\/p>\n<p>Kiberneti\u010dka slika, ili postmoderna tehnologizirana figura tehno-ljudske hibridnosti, stoji na suprotnoj strani idealizirane, mitske boginje &#8211; simbola matrijarhalne pro\u0161losti, podr\u017eane ne samo od strane patrijarhalne epistemologije, ve\u0107 i od strane vi\u0161e-radikalnih feminizama sa kraja 20. stolje\u0107a.<\/p>\n<p>Danas, 2021. godine, pozivamo vas u zajedni\u010dku potragu za novim simbolima politi\u010dkog, aktivnog i interaktivnog, me\u0111usobno povezanog i ujedinjenog. Koje su na\u0161e reprezentacije politi\u010dkog? Koji su patrijarhalni simboli kojih bismo se radije odrekli? Kako naru\u0161iti na\u0161e patrijarhalne epistemologije?<\/p>\n<p style=\"text-align: center;\">Radije bih bio\/la <span style=\"color: #ff0000;\">X<\/span> nego <span style=\"color: #ff0000;\">Y<\/span>.<\/p>\n<p>Recite nam koji biste X bili (radije) nego Y.<\/p>\n<h3><span style=\"color: #ffc600;\">O KVV#9 RADIONICI<\/span><\/h3>\n<p>Pravo Ljudski, uz podr\u0161ku Nacionalne fondacije za demokratiju (NED) i lokalnih partnerskih organizacija, poziva<\/p>\n<p><strong>sve mlade osobe, starosne dobi izme\u0111u 18 i 25 godina, da se prijave na poziv za deveto izdanje \u0160kole kreativnog dokumentarnog filma Ko je vidio video?!#9<\/strong><\/p>\n<p>Po zavr\u0161etku procesa selekcije, do 12 mladih osoba sa izra\u017eenim interesom u polju kreativnog dokumentarnog filma, u\u010destvovat \u0107e na <span style=\"text-decoration: underline;\"><em>Ko je video Video?!#9<\/em><\/span> radionici, raznolikom i neformalnom obrazovnom programu.<\/p>\n<p>Tra\u017eimo mlade osobe sa stra\u0161\u0107u prema dokumentarnim pri\u010dama i idejama, koji dolaze iz sredina i konteksta koji su nedovoljno zastupljeni u filmskoj industriji Bosne i Hercegovine. Ove godine nudimo mogu\u0107nost mladima iz Srbije, Hrvatske, Crne Gore, Kosova i Sjeverne Makedonije da se prijave na radionicu. Program KVV# 9 je osmi\u0161ljen kako bi mladim i ambicioznim filmskim stvaraocima prikazao na\u010dine stvaranja sadr\u017eaja koriste\u0107i mobilni telefon pri snimanju dokumentarnih filmova. Tako\u0111er im poma\u017ee da upoznaju mobilne tehnike i pru\u017ea im prakti\u010dnu obuku pri njihovoj upotrebi, kao i u odabiru adekvatnih mehanizama audio-vizuelne interakcije i komunikacije.<\/p>\n<p><strong>Kriteriji:<\/strong><\/p>\n<ul>\n<li>Imate izme\u0111u 18 i 25 godina;<\/li>\n<li>Dolazite iz Bosne i Hercegovine. (Dostupno je i nekoliko mjesta za prijavu ukoliko ste gra\u0111ani Srbije, Hrvatske, Crne Gore, Kosova i Sjeverne Makedonije).<\/li>\n<li>Sposobni ste komunicirati na engleskom jeziku;<\/li>\n<li>Ko je vidio video?! je otvoren za svakoga, me\u0111utim, ukoliko ne poha\u0111ate instituciju formalnog obrazovanja i dolazite iz manjih gradova i\/ili ruralnih podru\u010dja, naro\u010dito vas pozivamo da se prijavite.<\/li>\n<\/ul>\n<p><strong>Preduvjet(i):<\/strong><\/p>\n<ul>\n<li>U\u010desnici\/e trebaju biti u mogu\u0107nosti da samostalno rade u softveru za nelinearno ure\u0111ivanje kojem imaju pristup. Prednost dajemo Adobe Premiereu.<\/li>\n<li>Svako znanje iz podru\u010dja fotografije je dobrodo\u0161lo, ali nije obavezno.<\/li>\n<li>Potreban je ra\u010dunar koji ima softver za nelinearno ure\u0111ivanje video zapisa, mo\u017ee se povezati na<\/li>\n<li>Internet i podr\u017eati Zoom video konferencije.<\/li>\n<\/ul>\n<p><strong>SVE TRO\u0160KOVE U\u010cE\u0160\u0106A POKRIVAJU ORGANIZATORI.<\/strong><br \/>\nZa vi\u0161e informacija, posjetite na\u0161u web stranicu: <a href=\"http:\/\/www.pravoljudski.org\">www.pravoljudski.org<\/a>.<\/p>\n<p><strong>KVV#9 \u0107e biti odr\u017ean u periodu 15. &#8211; 23. maj 2021. godine<\/strong><\/p>\n<p><strong>Ljubazno Vas molimo da po\u0161aljete kompletan prijavni\/aplikacioni paket<\/strong><br \/>\n(popunjem aplikacijski obrazac, CV\/biografija i popratno pismo)<br \/>\n<strong>najkasnije do:<\/strong><br \/>\n<strong>10. maja 2021., do 18:00!<\/strong><br \/>\n<strong>na <a href=\"mailto:apliciram@pravoljudski.org\">apliciram@pravoljudski.org<\/a><\/strong><\/p>\n<p><strong>Prijavni obrazac mo\u017eete preuzeti <a href=\"https:\/\/docs.google.com\/forms\/d\/1m7iIa727mj1NIZ_atabTgdKdweRlpVzQwjUM5c9Zwd4\/edit\" target=\"_blank\" rel=\"noopener noreferrer\">OVDJE<\/a>.<\/strong><br \/>\nUkoliko imate pitanja ili nejasno\u0107e, budite slobodni kontaktirati nas na: <a href=\"mailto:apliciram@pravoljudski.org\">apliciram@pravoljudski.org<\/a>.<\/p>\n<p><span style=\"color: #ffc600;\">VA\u017dNO:<\/span><br \/>\n<em>&#8211; Predla\u017eemo da napravite kopije Va\u0161e prijavne dokumentacije te ih sa\u010duvate u va\u0161oj arhivi.<\/em><br \/>\n<em>&#8211; Sve dostavljene informacije \u0107e biti tretirane kao povjerljive. U slu\u010daju odustajanja od prijave, svi dostavljeni dokumenti \u0107e biti izbrisani.<\/em><br \/>\n<em>&#8211; Samo potpune i na vrijeme dostavljene prijave \u0107e biti uzete u razmatranje.<\/em><\/p>\n<p><span style=\"color: #ffc600;\">O KVV#9<\/span><\/p>\n<p>Ko je vidio video?! je raznolik i neformalan obrazovni program za razvoj i produkciju dokumentarnog filma, sa\u010dinjen od nekoliko segmenata koji uklju\u010duju kreativno promi\u0161ljanje i kreativan pristup stvaranju, istra\u017eivanju i razvoju dokumentarnog filma, re\u017eiju, kameru i zvuk, monta\u017eu i post-produkciju.<\/p>\n<p>Kao odgovor na krizu vezanu za COVID-19, te zbog podr\u0161ke naporima na\u0161e zajednice da sprije\u010di \u0161irenje virusa, KVV#9 odvijat \u0107e se na mre\u017ei (online).<\/p>\n<p>U\u010de\u0161\u0107e podrazumijeva obavezno prisustvo na svim grupnim i individualnim sesijama tokom odr\u017eavanja \u0160kole kreativnog dokumentarnog filma Ko je vidio video?!#9.<\/p>\n<p>Radionica se odr\u017eava virtuelno, u grupnoj formi jednom dnevno tokom 9 dana, a polaznici \u0107e tako\u0111er imati i \u201cjedan-na-jedan\u201d virtualne sastanke sa mentorom. Po okon\u010danju \u0160kole kreativnog dokumentarnog filma KVV#9, bit \u0107e odr\u017eana zajedni\u010dka online prezentacija kompletiranih projekata, uz sesiju za pitanja i odgovore. Radni jezik Ko je vidio video?! je engleski.<\/p>\n","protected":false},"excerpt":{"rendered":"TEMA KVV#9 Radije bih bila kiborg nego boginja. 1991. godine, Donna Haraway portretirala je kiborga kao \u201cbi\u0107e dru\u0161tvene stvarnosti ujedno i bi\u0107e fikcije\u201d, koriste\u0107i prikaz kiborga kao reprezentaciju za politi\u010dku, aktivnu i interaktivnu \u017eenu, me\u0111usobno povezanu i ujedinjenu sa \u017eenama i svim marginaliziranim grupama \u0161irom svijeta putem Interneta. Kiberneti\u010dka slika, ili postmoderna tehnologizirana figura tehno-ljudske&#8230;","protected":false},"author":1,"featured_media":1152,"comment_status":"open","ping_status":"open","sticky":false,"template":"","format":"standard","meta":{"_acf_changed":false,"footnotes":""},"categories":[2],"tags":[],"class_list":["post-1154","post","type-post","status-publish","format-standard","has-post-thumbnail","hentry","category-novosti"],"acf":[],"yoast_head":"<!-- This site is optimized with the Yoast SEO plugin v25.9 - https:\/\/yoast.com\/wordpress\/plugins\/seo\/ -->\n<title>Poziv za prijave: \u0160kola kreativnog dokumentarnog filma KVV #9 - Pravo Ljudski<\/title>\n<meta name=\"robots\" content=\"index, follow, max-snippet:-1, max-image-preview:large, max-video-preview:-1\" \/>\n<link rel=\"canonical\" href=\"https:\/\/pravoljudski.org\/bs\/poziv-za-prijave-skola-kreativnog-dokumentarnog-filma-kvv-9\/\" \/>\n<meta property=\"og:locale\" content=\"bs_BA\" \/>\n<meta property=\"og:type\" content=\"article\" \/>\n<meta property=\"og:title\" content=\"Poziv za prijave: \u0160kola kreativnog dokumentarnog filma KVV #9 - Pravo Ljudski\" \/>\n<meta property=\"og:description\" content=\"TEMA KVV#9 Radije bih bila kiborg nego boginja. 1991. godine, Donna Haraway portretirala je kiborga kao \u201cbi\u0107e dru\u0161tvene stvarnosti ujedno i bi\u0107e fikcije\u201d, koriste\u0107i prikaz kiborga kao reprezentaciju za politi\u010dku, aktivnu i interaktivnu \u017eenu, me\u0111usobno povezanu i ujedinjenu sa \u017eenama i svim marginaliziranim grupama \u0161irom svijeta putem Interneta. Kiberneti\u010dka slika, ili postmoderna tehnologizirana figura tehno-ljudske...\" \/>\n<meta property=\"og:url\" content=\"https:\/\/pravoljudski.org\/bs\/poziv-za-prijave-skola-kreativnog-dokumentarnog-filma-kvv-9\/\" \/>\n<meta property=\"og:site_name\" content=\"Pravo Ljudski\" \/>\n<meta property=\"article:publisher\" content=\"https:\/\/www.facebook.com\/PravoLjudskiFilmFestival\" \/>\n<meta property=\"article:published_time\" content=\"2021-04-15T12:00:43+00:00\" \/>\n<meta property=\"article:modified_time\" content=\"2021-05-06T15:45:49+00:00\" \/>\n<meta property=\"og:image\" content=\"https:\/\/pravoljudski.org\/wp-content\/uploads\/2021\/04\/008-101117PLJtamaradelafuente.jpg\" \/>\n\t<meta property=\"og:image:width\" content=\"1500\" \/>\n\t<meta property=\"og:image:height\" content=\"1000\" \/>\n\t<meta property=\"og:image:type\" content=\"image\/jpeg\" \/>\n<meta name=\"author\" content=\"dejo\" \/>\n<meta name=\"twitter:card\" content=\"summary_large_image\" \/>\n<meta name=\"twitter:creator\" content=\"@pravoljudski\" \/>\n<meta name=\"twitter:site\" content=\"@pravoljudski\" \/>\n<meta name=\"twitter:label1\" content=\"Written by\" \/>\n\t<meta name=\"twitter:data1\" content=\"dejo\" \/>\n\t<meta name=\"twitter:label2\" content=\"Est. reading time\" \/>\n\t<meta name=\"twitter:data2\" content=\"4 minute\" \/>\n<script type=\"application\/ld+json\" class=\"yoast-schema-graph\">{\"@context\":\"https:\/\/schema.org\",\"@graph\":[{\"@type\":\"Article\",\"@id\":\"https:\/\/pravoljudski.org\/bs\/poziv-za-prijave-skola-kreativnog-dokumentarnog-filma-kvv-9\/#article\",\"isPartOf\":{\"@id\":\"https:\/\/pravoljudski.org\/bs\/poziv-za-prijave-skola-kreativnog-dokumentarnog-filma-kvv-9\/\"},\"author\":{\"name\":\"dejo\",\"@id\":\"https:\/\/pravoljudski.org\/bs\/#\/schema\/person\/3a5276460be7b583995cb13877730672\"},\"headline\":\"Poziv za prijave: \u0160kola kreativnog dokumentarnog filma KVV #9\",\"datePublished\":\"2021-04-15T12:00:43+00:00\",\"dateModified\":\"2021-05-06T15:45:49+00:00\",\"mainEntityOfPage\":{\"@id\":\"https:\/\/pravoljudski.org\/bs\/poziv-za-prijave-skola-kreativnog-dokumentarnog-filma-kvv-9\/\"},\"wordCount\":757,\"commentCount\":0,\"publisher\":{\"@id\":\"https:\/\/pravoljudski.org\/bs\/#organization\"},\"image\":{\"@id\":\"https:\/\/pravoljudski.org\/bs\/poziv-za-prijave-skola-kreativnog-dokumentarnog-filma-kvv-9\/#primaryimage\"},\"thumbnailUrl\":\"https:\/\/pravoljudski.org\/wp-content\/uploads\/2021\/04\/008-101117PLJtamaradelafuente.jpg\",\"articleSection\":[\"Novosti\"],\"inLanguage\":\"bs-BA\",\"potentialAction\":[{\"@type\":\"CommentAction\",\"name\":\"Comment\",\"target\":[\"https:\/\/pravoljudski.org\/bs\/poziv-za-prijave-skola-kreativnog-dokumentarnog-filma-kvv-9\/#respond\"]}]},{\"@type\":\"WebPage\",\"@id\":\"https:\/\/pravoljudski.org\/bs\/poziv-za-prijave-skola-kreativnog-dokumentarnog-filma-kvv-9\/\",\"url\":\"https:\/\/pravoljudski.org\/bs\/poziv-za-prijave-skola-kreativnog-dokumentarnog-filma-kvv-9\/\",\"name\":\"Poziv za prijave: \u0160kola kreativnog dokumentarnog filma KVV #9 - Pravo Ljudski\",\"isPartOf\":{\"@id\":\"https:\/\/pravoljudski.org\/bs\/#website\"},\"primaryImageOfPage\":{\"@id\":\"https:\/\/pravoljudski.org\/bs\/poziv-za-prijave-skola-kreativnog-dokumentarnog-filma-kvv-9\/#primaryimage\"},\"image\":{\"@id\":\"https:\/\/pravoljudski.org\/bs\/poziv-za-prijave-skola-kreativnog-dokumentarnog-filma-kvv-9\/#primaryimage\"},\"thumbnailUrl\":\"https:\/\/pravoljudski.org\/wp-content\/uploads\/2021\/04\/008-101117PLJtamaradelafuente.jpg\",\"datePublished\":\"2021-04-15T12:00:43+00:00\",\"dateModified\":\"2021-05-06T15:45:49+00:00\",\"breadcrumb\":{\"@id\":\"https:\/\/pravoljudski.org\/bs\/poziv-za-prijave-skola-kreativnog-dokumentarnog-filma-kvv-9\/#breadcrumb\"},\"inLanguage\":\"bs-BA\",\"potentialAction\":[{\"@type\":\"ReadAction\",\"target\":[\"https:\/\/pravoljudski.org\/bs\/poziv-za-prijave-skola-kreativnog-dokumentarnog-filma-kvv-9\/\"]}]},{\"@type\":\"ImageObject\",\"inLanguage\":\"bs-BA\",\"@id\":\"https:\/\/pravoljudski.org\/bs\/poziv-za-prijave-skola-kreativnog-dokumentarnog-filma-kvv-9\/#primaryimage\",\"url\":\"https:\/\/pravoljudski.org\/wp-content\/uploads\/2021\/04\/008-101117PLJtamaradelafuente.jpg\",\"contentUrl\":\"https:\/\/pravoljudski.org\/wp-content\/uploads\/2021\/04\/008-101117PLJtamaradelafuente.jpg\",\"width\":1500,\"height\":1000},{\"@type\":\"BreadcrumbList\",\"@id\":\"https:\/\/pravoljudski.org\/bs\/poziv-za-prijave-skola-kreativnog-dokumentarnog-filma-kvv-9\/#breadcrumb\",\"itemListElement\":[{\"@type\":\"ListItem\",\"position\":1,\"name\":\"Home\",\"item\":\"https:\/\/pravoljudski.org\/bs\/\"},{\"@type\":\"ListItem\",\"position\":2,\"name\":\"Poziv za prijave: \u0160kola kreativnog dokumentarnog filma KVV #9\"}]},{\"@type\":\"WebSite\",\"@id\":\"https:\/\/pravoljudski.org\/bs\/#website\",\"url\":\"https:\/\/pravoljudski.org\/bs\/\",\"name\":\"Pravo Ljudski\",\"description\":\"\",\"publisher\":{\"@id\":\"https:\/\/pravoljudski.org\/bs\/#organization\"},\"potentialAction\":[{\"@type\":\"SearchAction\",\"target\":{\"@type\":\"EntryPoint\",\"urlTemplate\":\"https:\/\/pravoljudski.org\/bs\/?s={search_term_string}\"},\"query-input\":{\"@type\":\"PropertyValueSpecification\",\"valueRequired\":true,\"valueName\":\"search_term_string\"}}],\"inLanguage\":\"bs-BA\"},{\"@type\":\"Organization\",\"@id\":\"https:\/\/pravoljudski.org\/bs\/#organization\",\"name\":\"Pravo Ljudski\",\"url\":\"https:\/\/pravoljudski.org\/bs\/\",\"logo\":{\"@type\":\"ImageObject\",\"inLanguage\":\"bs-BA\",\"@id\":\"https:\/\/pravoljudski.org\/bs\/#\/schema\/logo\/image\/\",\"url\":\"https:\/\/pravoljudski.org\/wp-content\/uploads\/2020\/11\/plj-logo.png\",\"contentUrl\":\"https:\/\/pravoljudski.org\/wp-content\/uploads\/2020\/11\/plj-logo.png\",\"width\":800,\"height\":519,\"caption\":\"Pravo Ljudski\"},\"image\":{\"@id\":\"https:\/\/pravoljudski.org\/bs\/#\/schema\/logo\/image\/\"},\"sameAs\":[\"https:\/\/www.facebook.com\/PravoLjudskiFilmFestival\",\"https:\/\/x.com\/pravoljudski\",\"https:\/\/www.instagram.com\/pravo_ljudski\/\",\"https:\/\/www.youtube.com\/user\/PravoLjudskiFF\"]},{\"@type\":\"Person\",\"@id\":\"https:\/\/pravoljudski.org\/bs\/#\/schema\/person\/3a5276460be7b583995cb13877730672\",\"name\":\"dejo\",\"image\":{\"@type\":\"ImageObject\",\"inLanguage\":\"bs-BA\",\"@id\":\"https:\/\/pravoljudski.org\/bs\/#\/schema\/person\/image\/\",\"url\":\"https:\/\/secure.gravatar.com\/avatar\/16fcad6f5a41d4d5b8706264d5a1104786c34c49af46148e1ec1a3cee26d87f5?s=96&d=mm&r=g\",\"contentUrl\":\"https:\/\/secure.gravatar.com\/avatar\/16fcad6f5a41d4d5b8706264d5a1104786c34c49af46148e1ec1a3cee26d87f5?s=96&d=mm&r=g\",\"caption\":\"dejo\"},\"sameAs\":[\"https:\/\/pravoljudski.org\"]}]}<\/script>\n<!-- \/ Yoast SEO plugin. -->","yoast_head_json":{"title":"Poziv za prijave: \u0160kola kreativnog dokumentarnog filma KVV #9 - Pravo Ljudski","robots":{"index":"index","follow":"follow","max-snippet":"max-snippet:-1","max-image-preview":"max-image-preview:large","max-video-preview":"max-video-preview:-1"},"canonical":"https:\/\/pravoljudski.org\/bs\/poziv-za-prijave-skola-kreativnog-dokumentarnog-filma-kvv-9\/","og_locale":"bs_BA","og_type":"article","og_title":"Poziv za prijave: \u0160kola kreativnog dokumentarnog filma KVV #9 - Pravo Ljudski","og_description":"TEMA KVV#9 Radije bih bila kiborg nego boginja. 1991. godine, Donna Haraway portretirala je kiborga kao \u201cbi\u0107e dru\u0161tvene stvarnosti ujedno i bi\u0107e fikcije\u201d, koriste\u0107i prikaz kiborga kao reprezentaciju za politi\u010dku, aktivnu i interaktivnu \u017eenu, me\u0111usobno povezanu i ujedinjenu sa \u017eenama i svim marginaliziranim grupama \u0161irom svijeta putem Interneta. Kiberneti\u010dka slika, ili postmoderna tehnologizirana figura tehno-ljudske...","og_url":"https:\/\/pravoljudski.org\/bs\/poziv-za-prijave-skola-kreativnog-dokumentarnog-filma-kvv-9\/","og_site_name":"Pravo Ljudski","article_publisher":"https:\/\/www.facebook.com\/PravoLjudskiFilmFestival","article_published_time":"2021-04-15T12:00:43+00:00","article_modified_time":"2021-05-06T15:45:49+00:00","og_image":[{"width":1500,"height":1000,"url":"https:\/\/pravoljudski.org\/wp-content\/uploads\/2021\/04\/008-101117PLJtamaradelafuente.jpg","type":"image\/jpeg"}],"author":"dejo","twitter_card":"summary_large_image","twitter_creator":"@pravoljudski","twitter_site":"@pravoljudski","twitter_misc":{"Written by":"dejo","Est. reading time":"4 minute"},"schema":{"@context":"https:\/\/schema.org","@graph":[{"@type":"Article","@id":"https:\/\/pravoljudski.org\/bs\/poziv-za-prijave-skola-kreativnog-dokumentarnog-filma-kvv-9\/#article","isPartOf":{"@id":"https:\/\/pravoljudski.org\/bs\/poziv-za-prijave-skola-kreativnog-dokumentarnog-filma-kvv-9\/"},"author":{"name":"dejo","@id":"https:\/\/pravoljudski.org\/bs\/#\/schema\/person\/3a5276460be7b583995cb13877730672"},"headline":"Poziv za prijave: \u0160kola kreativnog dokumentarnog filma KVV #9","datePublished":"2021-04-15T12:00:43+00:00","dateModified":"2021-05-06T15:45:49+00:00","mainEntityOfPage":{"@id":"https:\/\/pravoljudski.org\/bs\/poziv-za-prijave-skola-kreativnog-dokumentarnog-filma-kvv-9\/"},"wordCount":757,"commentCount":0,"publisher":{"@id":"https:\/\/pravoljudski.org\/bs\/#organization"},"image":{"@id":"https:\/\/pravoljudski.org\/bs\/poziv-za-prijave-skola-kreativnog-dokumentarnog-filma-kvv-9\/#primaryimage"},"thumbnailUrl":"https:\/\/pravoljudski.org\/wp-content\/uploads\/2021\/04\/008-101117PLJtamaradelafuente.jpg","articleSection":["Novosti"],"inLanguage":"bs-BA","potentialAction":[{"@type":"CommentAction","name":"Comment","target":["https:\/\/pravoljudski.org\/bs\/poziv-za-prijave-skola-kreativnog-dokumentarnog-filma-kvv-9\/#respond"]}]},{"@type":"WebPage","@id":"https:\/\/pravoljudski.org\/bs\/poziv-za-prijave-skola-kreativnog-dokumentarnog-filma-kvv-9\/","url":"https:\/\/pravoljudski.org\/bs\/poziv-za-prijave-skola-kreativnog-dokumentarnog-filma-kvv-9\/","name":"Poziv za prijave: \u0160kola kreativnog dokumentarnog filma KVV #9 - Pravo Ljudski","isPartOf":{"@id":"https:\/\/pravoljudski.org\/bs\/#website"},"primaryImageOfPage":{"@id":"https:\/\/pravoljudski.org\/bs\/poziv-za-prijave-skola-kreativnog-dokumentarnog-filma-kvv-9\/#primaryimage"},"image":{"@id":"https:\/\/pravoljudski.org\/bs\/poziv-za-prijave-skola-kreativnog-dokumentarnog-filma-kvv-9\/#primaryimage"},"thumbnailUrl":"https:\/\/pravoljudski.org\/wp-content\/uploads\/2021\/04\/008-101117PLJtamaradelafuente.jpg","datePublished":"2021-04-15T12:00:43+00:00","dateModified":"2021-05-06T15:45:49+00:00","breadcrumb":{"@id":"https:\/\/pravoljudski.org\/bs\/poziv-za-prijave-skola-kreativnog-dokumentarnog-filma-kvv-9\/#breadcrumb"},"inLanguage":"bs-BA","potentialAction":[{"@type":"ReadAction","target":["https:\/\/pravoljudski.org\/bs\/poziv-za-prijave-skola-kreativnog-dokumentarnog-filma-kvv-9\/"]}]},{"@type":"ImageObject","inLanguage":"bs-BA","@id":"https:\/\/pravoljudski.org\/bs\/poziv-za-prijave-skola-kreativnog-dokumentarnog-filma-kvv-9\/#primaryimage","url":"https:\/\/pravoljudski.org\/wp-content\/uploads\/2021\/04\/008-101117PLJtamaradelafuente.jpg","contentUrl":"https:\/\/pravoljudski.org\/wp-content\/uploads\/2021\/04\/008-101117PLJtamaradelafuente.jpg","width":1500,"height":1000},{"@type":"BreadcrumbList","@id":"https:\/\/pravoljudski.org\/bs\/poziv-za-prijave-skola-kreativnog-dokumentarnog-filma-kvv-9\/#breadcrumb","itemListElement":[{"@type":"ListItem","position":1,"name":"Home","item":"https:\/\/pravoljudski.org\/bs\/"},{"@type":"ListItem","position":2,"name":"Poziv za prijave: \u0160kola kreativnog dokumentarnog filma KVV #9"}]},{"@type":"WebSite","@id":"https:\/\/pravoljudski.org\/bs\/#website","url":"https:\/\/pravoljudski.org\/bs\/","name":"Pravo Ljudski","description":"","publisher":{"@id":"https:\/\/pravoljudski.org\/bs\/#organization"},"potentialAction":[{"@type":"SearchAction","target":{"@type":"EntryPoint","urlTemplate":"https:\/\/pravoljudski.org\/bs\/?s={search_term_string}"},"query-input":{"@type":"PropertyValueSpecification","valueRequired":true,"valueName":"search_term_string"}}],"inLanguage":"bs-BA"},{"@type":"Organization","@id":"https:\/\/pravoljudski.org\/bs\/#organization","name":"Pravo Ljudski","url":"https:\/\/pravoljudski.org\/bs\/","logo":{"@type":"ImageObject","inLanguage":"bs-BA","@id":"https:\/\/pravoljudski.org\/bs\/#\/schema\/logo\/image\/","url":"https:\/\/pravoljudski.org\/wp-content\/uploads\/2020\/11\/plj-logo.png","contentUrl":"https:\/\/pravoljudski.org\/wp-content\/uploads\/2020\/11\/plj-logo.png","width":800,"height":519,"caption":"Pravo Ljudski"},"image":{"@id":"https:\/\/pravoljudski.org\/bs\/#\/schema\/logo\/image\/"},"sameAs":["https:\/\/www.facebook.com\/PravoLjudskiFilmFestival","https:\/\/x.com\/pravoljudski","https:\/\/www.instagram.com\/pravo_ljudski\/","https:\/\/www.youtube.com\/user\/PravoLjudskiFF"]},{"@type":"Person","@id":"https:\/\/pravoljudski.org\/bs\/#\/schema\/person\/3a5276460be7b583995cb13877730672","name":"dejo","image":{"@type":"ImageObject","inLanguage":"bs-BA","@id":"https:\/\/pravoljudski.org\/bs\/#\/schema\/person\/image\/","url":"https:\/\/secure.gravatar.com\/avatar\/16fcad6f5a41d4d5b8706264d5a1104786c34c49af46148e1ec1a3cee26d87f5?s=96&d=mm&r=g","contentUrl":"https:\/\/secure.gravatar.com\/avatar\/16fcad6f5a41d4d5b8706264d5a1104786c34c49af46148e1ec1a3cee26d87f5?s=96&d=mm&r=g","caption":"dejo"},"sameAs":["https:\/\/pravoljudski.org"]}]}},"_links":{"self":[{"href":"https:\/\/pravoljudski.org\/bs\/wp-json\/wp\/v2\/posts\/1154","targetHints":{"allow":["GET"]}}],"collection":[{"href":"https:\/\/pravoljudski.org\/bs\/wp-json\/wp\/v2\/posts"}],"about":[{"href":"https:\/\/pravoljudski.org\/bs\/wp-json\/wp\/v2\/types\/post"}],"author":[{"embeddable":true,"href":"https:\/\/pravoljudski.org\/bs\/wp-json\/wp\/v2\/users\/1"}],"replies":[{"embeddable":true,"href":"https:\/\/pravoljudski.org\/bs\/wp-json\/wp\/v2\/comments?post=1154"}],"version-history":[{"count":4,"href":"https:\/\/pravoljudski.org\/bs\/wp-json\/wp\/v2\/posts\/1154\/revisions"}],"predecessor-version":[{"id":1170,"href":"https:\/\/pravoljudski.org\/bs\/wp-json\/wp\/v2\/posts\/1154\/revisions\/1170"}],"wp:featuredmedia":[{"embeddable":true,"href":"https:\/\/pravoljudski.org\/bs\/wp-json\/wp\/v2\/media\/1152"}],"wp:attachment":[{"href":"https:\/\/pravoljudski.org\/bs\/wp-json\/wp\/v2\/media?parent=1154"}],"wp:term":[{"taxonomy":"category","embeddable":true,"href":"https:\/\/pravoljudski.org\/bs\/wp-json\/wp\/v2\/categories?post=1154"},{"taxonomy":"post_tag","embeddable":true,"href":"https:\/\/pravoljudski.org\/bs\/wp-json\/wp\/v2\/tags?post=1154"}],"curies":[{"name":"wp","href":"https:\/\/api.w.org\/{rel}","templated":true}]}}