{"id":1869,"date":"2021-11-26T09:54:00","date_gmt":"2021-11-26T09:54:00","guid":{"rendered":"https:\/\/pravoljudski.org\/16th-edition-of-pravo-ljudski-film-festival-to-open-and-close-with-posthumanist-films\/"},"modified":"2021-11-26T09:56:09","modified_gmt":"2021-11-26T09:56:09","slug":"16-izdanje-pravo-ljudskog-film-festivala-otvara-se-i-zatvara-posthumanistickim-filmovima","status":"publish","type":"post","link":"https:\/\/pravoljudski.org\/bs\/16-izdanje-pravo-ljudskog-film-festivala-otvara-se-i-zatvara-posthumanistickim-filmovima\/","title":{"rendered":"16. izdanje Pravo Ljudskog Film Festivala otvara se i zatvara posthumanisti\u010dkim filmovima"},"content":{"rendered":"<p><strong>Uzbu\u0111eni smo \u0161to mo\u017eemo podijeliti vi\u0161e o filmovima otvaranja i zatvaranja PLJ16<\/strong><\/p>\n<p>16. izdanje Pravo Ljudski Film Festivala odr\u017eat \u0107e se u hibridnom formatu, od 1. do 6. decembra (Kino Meeting Point i Filmski centar Sarajevo), nakon \u010dega \u0107e filmovi biti dostupni online od 7. do 17. decembra na pravoljudski.org.<\/p>\n<p>16. izdanje Pravo Ljudskog Film Festivala po\u010det \u0107e filmom Kamila i Uliks, koji dolazi direktno sa svjetske premijere na IDFA-i u Sarajevo. U re\u017eiji <strong>Diane Toucedo<\/strong>, sa filozofkinjama <strong>Vinciane Despret i Donnom Haraway<\/strong>, prema \u010dijim tekstovima <em>The Camille Stories i Autobiographie d\u2019un poulpe<\/em>, je adaptiran film.<\/p>\n<p>Snimljen kao usmena pripovijest i prepiska izme\u0111u dva naratora i njihovih pri\u010da, film prati na\u010dine \u017eivota i umiranja me\u0111u zajednicama na o\u0161te\u0107enoj planeti i njihovu rastu\u0107u stru\u010dnost u novom polju nau\u010dnog znanja: terolingvistici ili prou\u010davanju \u017eivotinja. jezicima. Naratori, u harmoniji sa svojim partnerima u simbiozi, postaju sve svjesniji mogu\u0107nosti rasta pipkastih i metamorfnih bi\u0107a.<\/p>\n<p><strong>Diana Toucedo<\/strong> pridru\u017eit \u0107e se publici u Sarajevu na otvaranju festivala!<\/p>\n<p>Film zatvaranja ovogodi\u0161njeg festivala djelo je austrijskog filma\u0161a <strong>Rala Mayera<\/strong> koji ocrtava &#8220;ekologije savremene istorije&#8221; povezuju\u0107i pro\u0161lu budu\u0107nost i dana\u0161nje spekulacije. <strong>Mayerov<\/strong> film <em>Izvanzemaljske ekologije (Retroflektori: astronaut, robot, vanzemaljac)<\/em> bavi se oikosom \u2013 ku\u0107om koja je tra\u017eena, a samim tim i dom, i ukleta, pa stoga nije dom. U odsustvu temeljne prirode i u prisustvu razli\u010ditih post-ljudskih tijela \u2013 i vi\u0161e upornih nego \u0161to postoje u svojim tragovima i ostacima \u2013 vidimo da se oikosova ekologija pretvara u hauntekologiju.<\/p>\n<p><strong>Mayerov<\/strong> duhoviti esej, gra\u0111en na visokim asocijacijama, prolazi kroz materijale koji izgledaju i osje\u0107aju se kao ostaci iz povijesti svemirske ekologije i eksperimenata u biosferama: video snimci iz laboratorija, televizijski isje\u010dci s vijestima iz svijeta nauke, filmske scene sedimentirane u dje\u010djoj potro\u0161a\u010dke kulture; potonji su u velikoj mjeri. Ovim bitnim tijelima, citiranim iz sci-fi klasika kao \u0161to su Blade Runner i E.T., ne\u0161to je dopunjeno, ne\u0161to jednako kategori\u010dno.<\/p>\n<p>\u0160esnaesto izdanje Pravo Ljudski Film Festivala velikodu\u0161no je podr\u017eano od strane Nacionalne zadu\u017ebine za demokratiju (Va\u0161ington) i mnogih drugih partnera, dok je Specijalni program Vi\u0161e od svega, \u017eeljela sam jo\u0161 malo ostati \u2013 savremeni brazilski film uz podr\u0161ku Ambasade Brazila u Bosni i Hercegovini.<\/p>\n<p><em>Za sve informacije o dostupnosti filmova, kao i svim ostalim festivalskim aktivnostima, pratite na\u0161u web stranicu pravoljudski.org, dru\u0161tvene mre\u017ee i hashtagove #plj16 i #pravoljudski16.<\/em><\/p>\n","protected":false},"excerpt":{"rendered":"Uzbu\u0111eni smo \u0161to mo\u017eemo podijeliti vi\u0161e o filmovima otvaranja i zatvaranja PLJ16 16. izdanje Pravo Ljudski Film Festivala odr\u017eat \u0107e se u hibridnom formatu, od 1. do 6. decembra (Kino Meeting Point i Filmski centar Sarajevo), nakon \u010dega \u0107e filmovi biti dostupni online od 7. do 17. decembra na pravoljudski.org. 16. izdanje Pravo Ljudskog Film&#8230;","protected":false},"author":1,"featured_media":1867,"comment_status":"open","ping_status":"open","sticky":false,"template":"","format":"standard","meta":{"_acf_changed":false,"footnotes":""},"categories":[2],"tags":[],"class_list":["post-1869","post","type-post","status-publish","format-standard","has-post-thumbnail","hentry","category-novosti"],"acf":[],"yoast_head":"<!-- This site is optimized with the Yoast SEO plugin v25.9 - https:\/\/yoast.com\/wordpress\/plugins\/seo\/ -->\n<title>16. izdanje Pravo Ljudskog Film Festivala otvara se i zatvara posthumanisti\u010dkim filmovima - Pravo Ljudski<\/title>\n<meta name=\"robots\" content=\"index, follow, max-snippet:-1, max-image-preview:large, max-video-preview:-1\" \/>\n<link rel=\"canonical\" href=\"https:\/\/pravoljudski.org\/bs\/16-izdanje-pravo-ljudskog-film-festivala-otvara-se-i-zatvara-posthumanistickim-filmovima\/\" \/>\n<meta property=\"og:locale\" content=\"bs_BA\" \/>\n<meta property=\"og:type\" content=\"article\" \/>\n<meta property=\"og:title\" content=\"16. izdanje Pravo Ljudskog Film Festivala otvara se i zatvara posthumanisti\u010dkim filmovima - Pravo Ljudski\" \/>\n<meta property=\"og:description\" content=\"Uzbu\u0111eni smo \u0161to mo\u017eemo podijeliti vi\u0161e o filmovima otvaranja i zatvaranja PLJ16 16. izdanje Pravo Ljudski Film Festivala odr\u017eat \u0107e se u hibridnom formatu, od 1. do 6. decembra (Kino Meeting Point i Filmski centar Sarajevo), nakon \u010dega \u0107e filmovi biti dostupni online od 7. do 17. decembra na pravoljudski.org. 16. izdanje Pravo Ljudskog Film...\" \/>\n<meta property=\"og:url\" content=\"https:\/\/pravoljudski.org\/bs\/16-izdanje-pravo-ljudskog-film-festivala-otvara-se-i-zatvara-posthumanistickim-filmovima\/\" \/>\n<meta property=\"og:site_name\" content=\"Pravo Ljudski\" \/>\n<meta property=\"article:publisher\" content=\"https:\/\/www.facebook.com\/PravoLjudskiFilmFestival\" \/>\n<meta property=\"article:published_time\" content=\"2021-11-26T09:54:00+00:00\" \/>\n<meta property=\"article:modified_time\" content=\"2021-11-26T09:56:09+00:00\" \/>\n<meta property=\"og:image\" content=\"https:\/\/pravoljudski.org\/wp-content\/uploads\/2021\/11\/opening-closing.jpg\" \/>\n\t<meta property=\"og:image:width\" content=\"1653\" \/>\n\t<meta property=\"og:image:height\" content=\"800\" \/>\n\t<meta property=\"og:image:type\" content=\"image\/jpeg\" \/>\n<meta name=\"author\" content=\"dejo\" \/>\n<meta name=\"twitter:card\" content=\"summary_large_image\" \/>\n<meta name=\"twitter:creator\" content=\"@pravoljudski\" \/>\n<meta name=\"twitter:site\" content=\"@pravoljudski\" \/>\n<meta name=\"twitter:label1\" content=\"Written by\" \/>\n\t<meta name=\"twitter:data1\" content=\"dejo\" \/>\n\t<meta name=\"twitter:label2\" content=\"Est. reading time\" \/>\n\t<meta name=\"twitter:data2\" content=\"2 minute\" \/>\n<script type=\"application\/ld+json\" class=\"yoast-schema-graph\">{\"@context\":\"https:\/\/schema.org\",\"@graph\":[{\"@type\":\"Article\",\"@id\":\"https:\/\/pravoljudski.org\/bs\/16-izdanje-pravo-ljudskog-film-festivala-otvara-se-i-zatvara-posthumanistickim-filmovima\/#article\",\"isPartOf\":{\"@id\":\"https:\/\/pravoljudski.org\/bs\/16-izdanje-pravo-ljudskog-film-festivala-otvara-se-i-zatvara-posthumanistickim-filmovima\/\"},\"author\":{\"name\":\"dejo\",\"@id\":\"https:\/\/pravoljudski.org\/bs\/#\/schema\/person\/3a5276460be7b583995cb13877730672\"},\"headline\":\"16. izdanje Pravo Ljudskog Film Festivala otvara se i zatvara posthumanisti\u010dkim filmovima\",\"datePublished\":\"2021-11-26T09:54:00+00:00\",\"dateModified\":\"2021-11-26T09:56:09+00:00\",\"mainEntityOfPage\":{\"@id\":\"https:\/\/pravoljudski.org\/bs\/16-izdanje-pravo-ljudskog-film-festivala-otvara-se-i-zatvara-posthumanistickim-filmovima\/\"},\"wordCount\":429,\"commentCount\":0,\"publisher\":{\"@id\":\"https:\/\/pravoljudski.org\/bs\/#organization\"},\"image\":{\"@id\":\"https:\/\/pravoljudski.org\/bs\/16-izdanje-pravo-ljudskog-film-festivala-otvara-se-i-zatvara-posthumanistickim-filmovima\/#primaryimage\"},\"thumbnailUrl\":\"https:\/\/pravoljudski.org\/wp-content\/uploads\/2021\/11\/opening-closing.jpg\",\"articleSection\":[\"Novosti\"],\"inLanguage\":\"bs-BA\",\"potentialAction\":[{\"@type\":\"CommentAction\",\"name\":\"Comment\",\"target\":[\"https:\/\/pravoljudski.org\/bs\/16-izdanje-pravo-ljudskog-film-festivala-otvara-se-i-zatvara-posthumanistickim-filmovima\/#respond\"]}]},{\"@type\":\"WebPage\",\"@id\":\"https:\/\/pravoljudski.org\/bs\/16-izdanje-pravo-ljudskog-film-festivala-otvara-se-i-zatvara-posthumanistickim-filmovima\/\",\"url\":\"https:\/\/pravoljudski.org\/bs\/16-izdanje-pravo-ljudskog-film-festivala-otvara-se-i-zatvara-posthumanistickim-filmovima\/\",\"name\":\"16. izdanje Pravo Ljudskog Film Festivala otvara se i zatvara posthumanisti\u010dkim filmovima - Pravo Ljudski\",\"isPartOf\":{\"@id\":\"https:\/\/pravoljudski.org\/bs\/#website\"},\"primaryImageOfPage\":{\"@id\":\"https:\/\/pravoljudski.org\/bs\/16-izdanje-pravo-ljudskog-film-festivala-otvara-se-i-zatvara-posthumanistickim-filmovima\/#primaryimage\"},\"image\":{\"@id\":\"https:\/\/pravoljudski.org\/bs\/16-izdanje-pravo-ljudskog-film-festivala-otvara-se-i-zatvara-posthumanistickim-filmovima\/#primaryimage\"},\"thumbnailUrl\":\"https:\/\/pravoljudski.org\/wp-content\/uploads\/2021\/11\/opening-closing.jpg\",\"datePublished\":\"2021-11-26T09:54:00+00:00\",\"dateModified\":\"2021-11-26T09:56:09+00:00\",\"breadcrumb\":{\"@id\":\"https:\/\/pravoljudski.org\/bs\/16-izdanje-pravo-ljudskog-film-festivala-otvara-se-i-zatvara-posthumanistickim-filmovima\/#breadcrumb\"},\"inLanguage\":\"bs-BA\",\"potentialAction\":[{\"@type\":\"ReadAction\",\"target\":[\"https:\/\/pravoljudski.org\/bs\/16-izdanje-pravo-ljudskog-film-festivala-otvara-se-i-zatvara-posthumanistickim-filmovima\/\"]}]},{\"@type\":\"ImageObject\",\"inLanguage\":\"bs-BA\",\"@id\":\"https:\/\/pravoljudski.org\/bs\/16-izdanje-pravo-ljudskog-film-festivala-otvara-se-i-zatvara-posthumanistickim-filmovima\/#primaryimage\",\"url\":\"https:\/\/pravoljudski.org\/wp-content\/uploads\/2021\/11\/opening-closing.jpg\",\"contentUrl\":\"https:\/\/pravoljudski.org\/wp-content\/uploads\/2021\/11\/opening-closing.jpg\",\"width\":1653,\"height\":800},{\"@type\":\"BreadcrumbList\",\"@id\":\"https:\/\/pravoljudski.org\/bs\/16-izdanje-pravo-ljudskog-film-festivala-otvara-se-i-zatvara-posthumanistickim-filmovima\/#breadcrumb\",\"itemListElement\":[{\"@type\":\"ListItem\",\"position\":1,\"name\":\"Home\",\"item\":\"https:\/\/pravoljudski.org\/bs\/\"},{\"@type\":\"ListItem\",\"position\":2,\"name\":\"16. izdanje Pravo Ljudskog Film Festivala otvara se i zatvara posthumanisti\u010dkim filmovima\"}]},{\"@type\":\"WebSite\",\"@id\":\"https:\/\/pravoljudski.org\/bs\/#website\",\"url\":\"https:\/\/pravoljudski.org\/bs\/\",\"name\":\"Pravo Ljudski\",\"description\":\"\",\"publisher\":{\"@id\":\"https:\/\/pravoljudski.org\/bs\/#organization\"},\"potentialAction\":[{\"@type\":\"SearchAction\",\"target\":{\"@type\":\"EntryPoint\",\"urlTemplate\":\"https:\/\/pravoljudski.org\/bs\/?s={search_term_string}\"},\"query-input\":{\"@type\":\"PropertyValueSpecification\",\"valueRequired\":true,\"valueName\":\"search_term_string\"}}],\"inLanguage\":\"bs-BA\"},{\"@type\":\"Organization\",\"@id\":\"https:\/\/pravoljudski.org\/bs\/#organization\",\"name\":\"Pravo Ljudski\",\"url\":\"https:\/\/pravoljudski.org\/bs\/\",\"logo\":{\"@type\":\"ImageObject\",\"inLanguage\":\"bs-BA\",\"@id\":\"https:\/\/pravoljudski.org\/bs\/#\/schema\/logo\/image\/\",\"url\":\"https:\/\/pravoljudski.org\/wp-content\/uploads\/2020\/11\/plj-logo.png\",\"contentUrl\":\"https:\/\/pravoljudski.org\/wp-content\/uploads\/2020\/11\/plj-logo.png\",\"width\":800,\"height\":519,\"caption\":\"Pravo Ljudski\"},\"image\":{\"@id\":\"https:\/\/pravoljudski.org\/bs\/#\/schema\/logo\/image\/\"},\"sameAs\":[\"https:\/\/www.facebook.com\/PravoLjudskiFilmFestival\",\"https:\/\/x.com\/pravoljudski\",\"https:\/\/www.instagram.com\/pravo_ljudski\/\",\"https:\/\/www.youtube.com\/user\/PravoLjudskiFF\"]},{\"@type\":\"Person\",\"@id\":\"https:\/\/pravoljudski.org\/bs\/#\/schema\/person\/3a5276460be7b583995cb13877730672\",\"name\":\"dejo\",\"image\":{\"@type\":\"ImageObject\",\"inLanguage\":\"bs-BA\",\"@id\":\"https:\/\/pravoljudski.org\/bs\/#\/schema\/person\/image\/\",\"url\":\"https:\/\/secure.gravatar.com\/avatar\/16fcad6f5a41d4d5b8706264d5a1104786c34c49af46148e1ec1a3cee26d87f5?s=96&d=mm&r=g\",\"contentUrl\":\"https:\/\/secure.gravatar.com\/avatar\/16fcad6f5a41d4d5b8706264d5a1104786c34c49af46148e1ec1a3cee26d87f5?s=96&d=mm&r=g\",\"caption\":\"dejo\"},\"sameAs\":[\"https:\/\/pravoljudski.org\"]}]}<\/script>\n<!-- \/ Yoast SEO plugin. -->","yoast_head_json":{"title":"16. izdanje Pravo Ljudskog Film Festivala otvara se i zatvara posthumanisti\u010dkim filmovima - Pravo Ljudski","robots":{"index":"index","follow":"follow","max-snippet":"max-snippet:-1","max-image-preview":"max-image-preview:large","max-video-preview":"max-video-preview:-1"},"canonical":"https:\/\/pravoljudski.org\/bs\/16-izdanje-pravo-ljudskog-film-festivala-otvara-se-i-zatvara-posthumanistickim-filmovima\/","og_locale":"bs_BA","og_type":"article","og_title":"16. izdanje Pravo Ljudskog Film Festivala otvara se i zatvara posthumanisti\u010dkim filmovima - Pravo Ljudski","og_description":"Uzbu\u0111eni smo \u0161to mo\u017eemo podijeliti vi\u0161e o filmovima otvaranja i zatvaranja PLJ16 16. izdanje Pravo Ljudski Film Festivala odr\u017eat \u0107e se u hibridnom formatu, od 1. do 6. decembra (Kino Meeting Point i Filmski centar Sarajevo), nakon \u010dega \u0107e filmovi biti dostupni online od 7. do 17. decembra na pravoljudski.org. 16. izdanje Pravo Ljudskog Film...","og_url":"https:\/\/pravoljudski.org\/bs\/16-izdanje-pravo-ljudskog-film-festivala-otvara-se-i-zatvara-posthumanistickim-filmovima\/","og_site_name":"Pravo Ljudski","article_publisher":"https:\/\/www.facebook.com\/PravoLjudskiFilmFestival","article_published_time":"2021-11-26T09:54:00+00:00","article_modified_time":"2021-11-26T09:56:09+00:00","og_image":[{"width":1653,"height":800,"url":"https:\/\/pravoljudski.org\/wp-content\/uploads\/2021\/11\/opening-closing.jpg","type":"image\/jpeg"}],"author":"dejo","twitter_card":"summary_large_image","twitter_creator":"@pravoljudski","twitter_site":"@pravoljudski","twitter_misc":{"Written by":"dejo","Est. reading time":"2 minute"},"schema":{"@context":"https:\/\/schema.org","@graph":[{"@type":"Article","@id":"https:\/\/pravoljudski.org\/bs\/16-izdanje-pravo-ljudskog-film-festivala-otvara-se-i-zatvara-posthumanistickim-filmovima\/#article","isPartOf":{"@id":"https:\/\/pravoljudski.org\/bs\/16-izdanje-pravo-ljudskog-film-festivala-otvara-se-i-zatvara-posthumanistickim-filmovima\/"},"author":{"name":"dejo","@id":"https:\/\/pravoljudski.org\/bs\/#\/schema\/person\/3a5276460be7b583995cb13877730672"},"headline":"16. izdanje Pravo Ljudskog Film Festivala otvara se i zatvara posthumanisti\u010dkim filmovima","datePublished":"2021-11-26T09:54:00+00:00","dateModified":"2021-11-26T09:56:09+00:00","mainEntityOfPage":{"@id":"https:\/\/pravoljudski.org\/bs\/16-izdanje-pravo-ljudskog-film-festivala-otvara-se-i-zatvara-posthumanistickim-filmovima\/"},"wordCount":429,"commentCount":0,"publisher":{"@id":"https:\/\/pravoljudski.org\/bs\/#organization"},"image":{"@id":"https:\/\/pravoljudski.org\/bs\/16-izdanje-pravo-ljudskog-film-festivala-otvara-se-i-zatvara-posthumanistickim-filmovima\/#primaryimage"},"thumbnailUrl":"https:\/\/pravoljudski.org\/wp-content\/uploads\/2021\/11\/opening-closing.jpg","articleSection":["Novosti"],"inLanguage":"bs-BA","potentialAction":[{"@type":"CommentAction","name":"Comment","target":["https:\/\/pravoljudski.org\/bs\/16-izdanje-pravo-ljudskog-film-festivala-otvara-se-i-zatvara-posthumanistickim-filmovima\/#respond"]}]},{"@type":"WebPage","@id":"https:\/\/pravoljudski.org\/bs\/16-izdanje-pravo-ljudskog-film-festivala-otvara-se-i-zatvara-posthumanistickim-filmovima\/","url":"https:\/\/pravoljudski.org\/bs\/16-izdanje-pravo-ljudskog-film-festivala-otvara-se-i-zatvara-posthumanistickim-filmovima\/","name":"16. izdanje Pravo Ljudskog Film Festivala otvara se i zatvara posthumanisti\u010dkim filmovima - Pravo Ljudski","isPartOf":{"@id":"https:\/\/pravoljudski.org\/bs\/#website"},"primaryImageOfPage":{"@id":"https:\/\/pravoljudski.org\/bs\/16-izdanje-pravo-ljudskog-film-festivala-otvara-se-i-zatvara-posthumanistickim-filmovima\/#primaryimage"},"image":{"@id":"https:\/\/pravoljudski.org\/bs\/16-izdanje-pravo-ljudskog-film-festivala-otvara-se-i-zatvara-posthumanistickim-filmovima\/#primaryimage"},"thumbnailUrl":"https:\/\/pravoljudski.org\/wp-content\/uploads\/2021\/11\/opening-closing.jpg","datePublished":"2021-11-26T09:54:00+00:00","dateModified":"2021-11-26T09:56:09+00:00","breadcrumb":{"@id":"https:\/\/pravoljudski.org\/bs\/16-izdanje-pravo-ljudskog-film-festivala-otvara-se-i-zatvara-posthumanistickim-filmovima\/#breadcrumb"},"inLanguage":"bs-BA","potentialAction":[{"@type":"ReadAction","target":["https:\/\/pravoljudski.org\/bs\/16-izdanje-pravo-ljudskog-film-festivala-otvara-se-i-zatvara-posthumanistickim-filmovima\/"]}]},{"@type":"ImageObject","inLanguage":"bs-BA","@id":"https:\/\/pravoljudski.org\/bs\/16-izdanje-pravo-ljudskog-film-festivala-otvara-se-i-zatvara-posthumanistickim-filmovima\/#primaryimage","url":"https:\/\/pravoljudski.org\/wp-content\/uploads\/2021\/11\/opening-closing.jpg","contentUrl":"https:\/\/pravoljudski.org\/wp-content\/uploads\/2021\/11\/opening-closing.jpg","width":1653,"height":800},{"@type":"BreadcrumbList","@id":"https:\/\/pravoljudski.org\/bs\/16-izdanje-pravo-ljudskog-film-festivala-otvara-se-i-zatvara-posthumanistickim-filmovima\/#breadcrumb","itemListElement":[{"@type":"ListItem","position":1,"name":"Home","item":"https:\/\/pravoljudski.org\/bs\/"},{"@type":"ListItem","position":2,"name":"16. izdanje Pravo Ljudskog Film Festivala otvara se i zatvara posthumanisti\u010dkim filmovima"}]},{"@type":"WebSite","@id":"https:\/\/pravoljudski.org\/bs\/#website","url":"https:\/\/pravoljudski.org\/bs\/","name":"Pravo Ljudski","description":"","publisher":{"@id":"https:\/\/pravoljudski.org\/bs\/#organization"},"potentialAction":[{"@type":"SearchAction","target":{"@type":"EntryPoint","urlTemplate":"https:\/\/pravoljudski.org\/bs\/?s={search_term_string}"},"query-input":{"@type":"PropertyValueSpecification","valueRequired":true,"valueName":"search_term_string"}}],"inLanguage":"bs-BA"},{"@type":"Organization","@id":"https:\/\/pravoljudski.org\/bs\/#organization","name":"Pravo Ljudski","url":"https:\/\/pravoljudski.org\/bs\/","logo":{"@type":"ImageObject","inLanguage":"bs-BA","@id":"https:\/\/pravoljudski.org\/bs\/#\/schema\/logo\/image\/","url":"https:\/\/pravoljudski.org\/wp-content\/uploads\/2020\/11\/plj-logo.png","contentUrl":"https:\/\/pravoljudski.org\/wp-content\/uploads\/2020\/11\/plj-logo.png","width":800,"height":519,"caption":"Pravo Ljudski"},"image":{"@id":"https:\/\/pravoljudski.org\/bs\/#\/schema\/logo\/image\/"},"sameAs":["https:\/\/www.facebook.com\/PravoLjudskiFilmFestival","https:\/\/x.com\/pravoljudski","https:\/\/www.instagram.com\/pravo_ljudski\/","https:\/\/www.youtube.com\/user\/PravoLjudskiFF"]},{"@type":"Person","@id":"https:\/\/pravoljudski.org\/bs\/#\/schema\/person\/3a5276460be7b583995cb13877730672","name":"dejo","image":{"@type":"ImageObject","inLanguage":"bs-BA","@id":"https:\/\/pravoljudski.org\/bs\/#\/schema\/person\/image\/","url":"https:\/\/secure.gravatar.com\/avatar\/16fcad6f5a41d4d5b8706264d5a1104786c34c49af46148e1ec1a3cee26d87f5?s=96&d=mm&r=g","contentUrl":"https:\/\/secure.gravatar.com\/avatar\/16fcad6f5a41d4d5b8706264d5a1104786c34c49af46148e1ec1a3cee26d87f5?s=96&d=mm&r=g","caption":"dejo"},"sameAs":["https:\/\/pravoljudski.org"]}]}},"_links":{"self":[{"href":"https:\/\/pravoljudski.org\/bs\/wp-json\/wp\/v2\/posts\/1869","targetHints":{"allow":["GET"]}}],"collection":[{"href":"https:\/\/pravoljudski.org\/bs\/wp-json\/wp\/v2\/posts"}],"about":[{"href":"https:\/\/pravoljudski.org\/bs\/wp-json\/wp\/v2\/types\/post"}],"author":[{"embeddable":true,"href":"https:\/\/pravoljudski.org\/bs\/wp-json\/wp\/v2\/users\/1"}],"replies":[{"embeddable":true,"href":"https:\/\/pravoljudski.org\/bs\/wp-json\/wp\/v2\/comments?post=1869"}],"version-history":[{"count":2,"href":"https:\/\/pravoljudski.org\/bs\/wp-json\/wp\/v2\/posts\/1869\/revisions"}],"predecessor-version":[{"id":1871,"href":"https:\/\/pravoljudski.org\/bs\/wp-json\/wp\/v2\/posts\/1869\/revisions\/1871"}],"wp:featuredmedia":[{"embeddable":true,"href":"https:\/\/pravoljudski.org\/bs\/wp-json\/wp\/v2\/media\/1867"}],"wp:attachment":[{"href":"https:\/\/pravoljudski.org\/bs\/wp-json\/wp\/v2\/media?parent=1869"}],"wp:term":[{"taxonomy":"category","embeddable":true,"href":"https:\/\/pravoljudski.org\/bs\/wp-json\/wp\/v2\/categories?post=1869"},{"taxonomy":"post_tag","embeddable":true,"href":"https:\/\/pravoljudski.org\/bs\/wp-json\/wp\/v2\/tags?post=1869"}],"curies":[{"name":"wp","href":"https:\/\/api.w.org\/{rel}","templated":true}]}}